{"id":119,"date":"2015-04-06T15:36:21","date_gmt":"2015-04-06T19:36:21","guid":{"rendered":"http:\/\/www.hurlemort.com\/blog\/?p=119"},"modified":"2015-10-27T13:07:57","modified_gmt":"2015-10-27T17:07:57","slug":"los-calchakis-los-guacharacos-la-flute-indienne-1967","status":"publish","type":"post","link":"https:\/\/www.hurlemort.com\/blog\/los-calchakis-los-guacharacos-la-flute-indienne-1967\/","title":{"rendered":"Los Calchakis &#038; Los Guacharacos &#8211; La Flute Indienne"},"content":{"rendered":"<p><a href=\"https:\/\/www.hurlemort.com\/blog\/wp-content\/uploads\/2015\/10\/los_calchakis.jpg\"><img loading=\"lazy\" decoding=\"async\" src=\"https:\/\/www.hurlemort.com\/blog\/wp-content\/uploads\/2015\/10\/los_calchakis.jpg\" alt=\"los_calchakis\" width=\"200\" height=\"200\" class=\"alignleft size-full wp-image-120\" srcset=\"https:\/\/www.hurlemort.com\/blog\/wp-content\/uploads\/2015\/10\/los_calchakis.jpg 200w, https:\/\/www.hurlemort.com\/blog\/wp-content\/uploads\/2015\/10\/los_calchakis-150x150.jpg 150w\" sizes=\"auto, (max-width: 200px) 100vw, 200px\" \/><\/a>La chronosph\u00e8re, Lundi 6 avril 2015: Retour en 1969<\/p>\n<p>Tous les musiciens et\/ou maniaques de musique ont commenc\u00e9 quelque part, un moment donn\u00e9, avec une r\u00e9v\u00e9lation auditive qui a fait chambouler leur vie. Du moins j\u2019imagine que c\u2019est comme \u00e7a. D\u2019aussi loin que je puisse me rappeler, la musique a toujours coul\u00e9 dans mes veines. J\u2019ai beau creuser au plus profond de mes souvenirs, j\u2019ai la conviction que je n\u2019ai jamais pu imaginer un monde sans musique<\/p>\n<p>Bien s\u00fbr, au fil du temps j\u2019en ai \u00e9cout\u00e9 et jou\u00e9 \u00e9norm\u00e9ment et je continue toujours \u00e0 en \u00e9couter et \u00e0 en jouer. J\u2019ai eu des \u00ab passes \u00bb, du R\u00eave du Diable aux Beatles, du m\u00e9tal \u00e0 l\u2019alternatif, de l\u2019industriel au punk, juste pour en nommer quelques unes. Curieusement, ces \u00ab passes \u00bb ont perdur\u00e9 en s\u2019imbriquant les unes aux autres ce qui aujourd\u2019hui ,je crois, me donne un bagage musical extraordinaire.<\/p>\n<p>Avec la Chronosph\u00e8re, je vais vous emmener avec moi dans le temps pour une visite guid\u00e9e de mon bagage musical.<\/p>\n<p><iframe loading=\"lazy\" width=\"420\" height=\"315\" src=\"https:\/\/www.youtube.com\/embed\/mpm_QXAotaE\" frameborder=\"0\" allowfullscreen><\/iframe><\/p>\n<p>Autres anecdotes relat\u00e9es le 10 Octobre 2011:<\/p>\n<p>Le voyage \u00e0 travers les temps commence avec le premier album \u00e0 vie de mon bagage musical. Ma m\u00e8re, \u00e9tant enceinte de moi, faisait jouer cet album lorsque le petit Sinistros \u00e0 en devenir brassait sa cage un peu trop fort. L\u2019effet \u00e9tait semble t-il assez concluant car une fois venu au monde, cet album servait \u00e0 m\u2019endormir. Il jouait tellement souvent que 2 copies ont \u00e9t\u00e9 d\u00e9clar\u00e9es pertes totales dans les premi\u00e8rs ann\u00e9es de mon existence! J\u2019ai m\u00eame le souvenir de m\u2019\u00eatre endormi au son de El Condor Pasa \u00e9tant tr\u00e8s jeune.<br \/>\nJ\u2019ai r\u00e9ussi \u00e0 mettre la main sur une copie originale impeccable en vinyle il y a plusieurs ann\u00e9es. Encore aujourd\u2019hui, lorsque j\u2019entends cet album, une foule d\u2019images et de souvenirs me viennent en t\u00eate. On pourrait presque dire que \u00e7a me vire \u00e0 l\u2019envers, mais dans le bon sens, \u00e9videmment! Donc, en r\u00e9sum\u00e9, Los Calchakis est le tout premier d\u2019une longue s\u00e9rie de musiciens et d\u2019albums qui ont forg\u00e9 mon \u00e9veil musical et inconsciemment, cette inspiration s\u2019est int\u00e9gr\u00e9e en parcelles \u00e0 ma musique.<br \/>\nUn gros merci \u00e0 mes parents pour \u00e7a!<\/p>\n<p>-Sinistros, 10 octobre 2011<\/p>\n","protected":false},"excerpt":{"rendered":"<p>La chronosph\u00e8re, Lundi 6 avril 2015: Retour en 1969 Tous les musiciens et\/ou maniaques de musique ont commenc\u00e9 quelque part, un moment donn\u00e9, avec une r\u00e9v\u00e9lation auditive qui a fait chambouler leur vie. Du moins j\u2019imagine que c\u2019est comme \u00e7a. D\u2019aussi loin que je puisse me rappeler, la musique a toujours coul\u00e9 dans mes veines. &hellip; <a href=\"https:\/\/www.hurlemort.com\/blog\/los-calchakis-los-guacharacos-la-flute-indienne-1967\/\" class=\"more-link\">Continuer la lecture de <span class=\"screen-reader-text\">Los Calchakis &#038; Los Guacharacos &#8211; La Flute Indienne<\/span><\/a><\/p>\n","protected":false},"author":1,"featured_media":0,"comment_status":"open","ping_status":"open","sticky":false,"template":"","format":"standard","meta":{"footnotes":""},"categories":[2],"tags":[32,33],"class_list":["post-119","post","type-post","status-publish","format-standard","hentry","category-la-chronosphere","tag-los-calchakis-arg","tag-los-guacharacos-col"],"_links":{"self":[{"href":"https:\/\/www.hurlemort.com\/blog\/wp-json\/wp\/v2\/posts\/119","targetHints":{"allow":["GET"]}}],"collection":[{"href":"https:\/\/www.hurlemort.com\/blog\/wp-json\/wp\/v2\/posts"}],"about":[{"href":"https:\/\/www.hurlemort.com\/blog\/wp-json\/wp\/v2\/types\/post"}],"author":[{"embeddable":true,"href":"https:\/\/www.hurlemort.com\/blog\/wp-json\/wp\/v2\/users\/1"}],"replies":[{"embeddable":true,"href":"https:\/\/www.hurlemort.com\/blog\/wp-json\/wp\/v2\/comments?post=119"}],"version-history":[{"count":3,"href":"https:\/\/www.hurlemort.com\/blog\/wp-json\/wp\/v2\/posts\/119\/revisions"}],"predecessor-version":[{"id":280,"href":"https:\/\/www.hurlemort.com\/blog\/wp-json\/wp\/v2\/posts\/119\/revisions\/280"}],"wp:attachment":[{"href":"https:\/\/www.hurlemort.com\/blog\/wp-json\/wp\/v2\/media?parent=119"}],"wp:term":[{"taxonomy":"category","embeddable":true,"href":"https:\/\/www.hurlemort.com\/blog\/wp-json\/wp\/v2\/categories?post=119"},{"taxonomy":"post_tag","embeddable":true,"href":"https:\/\/www.hurlemort.com\/blog\/wp-json\/wp\/v2\/tags?post=119"}],"curies":[{"name":"wp","href":"https:\/\/api.w.org\/{rel}","templated":true}]}}