{"id":3030,"date":"2017-06-28T10:35:16","date_gmt":"2017-06-28T14:35:16","guid":{"rendered":"http:\/\/www.hurlemort.com\/blog\/?p=3030"},"modified":"2017-06-28T10:35:16","modified_gmt":"2017-06-28T14:35:16","slug":"carach-angren-dance-and-laugh-amongst-the-rotten-2017","status":"publish","type":"post","link":"https:\/\/www.hurlemort.com\/blog\/carach-angren-dance-and-laugh-amongst-the-rotten-2017\/","title":{"rendered":"Carach Angren &#8211; Dance and Laugh Amongst the Rotten &#8211; 2017"},"content":{"rendered":"<p><img loading=\"lazy\" decoding=\"async\" src=\"https:\/\/www.hurlemort.com\/blog\/wp-content\/uploads\/2017\/06\/carach-angren.jpg\" alt=\"\" width=\"250\" height=\"250\" class=\"alignleft size-full wp-image-3031\" srcset=\"https:\/\/www.hurlemort.com\/blog\/wp-content\/uploads\/2017\/06\/carach-angren.jpg 250w, https:\/\/www.hurlemort.com\/blog\/wp-content\/uploads\/2017\/06\/carach-angren-150x150.jpg 150w\" sizes=\"auto, (max-width: 250px) 100vw, 250px\" \/>Carach Angren \u2013 Symphonic Black Metal \u2013 Pays Bas<br \/>\nDance and Laugh Amongst the Rotten \u2013 2017<br \/>\nSeason of Mist<br \/>\n8.5\/10<\/p>\n<p>Avez-vous encore des doutes sur le croisement du M\u00e9tal extr\u00eame et de la musique Classique? On dit que la grande famille du M\u00e9tal, du moins plusieurs sous genres, est tellement similaire au Classique que l&rsquo;on pourrait ais\u00e9ment affirmer que ces deux genres sont \u00e9troitement li\u00e9s.  Le Symphonique a bien \u00e9volu\u00e9 depuis ses premiers balbutiements sur To Mega Therion de Celtic Frost et maintenant un grand nombre de formations ont fait de la musique Classique leur cheval de bataille, certaines d&rsquo;entre elles composant m\u00eame de fa\u00e7on classique en incorporant le M\u00e9tal par la suite.<\/p>\n<p>Le trio Carach Angren, dont la r\u00e9putation n,est plus \u00e0 faire, nous offre son cinqui\u00e8me album Dance and Laugh Amongst the Rotten sur l&rsquo;\u00e9tiquette Season of Mist, album qui ne fait que renforcer la place que le groupe occupe depuis quelques ann\u00e9es dans le monde du Black M\u00e9tal Symphonique.  Ce nouvel album est \u00e0 la hauteur des quatre albums pr\u00e9c\u00e9dents avec ses neuf pi\u00e8ces dignes des trames sonores des films de Tim Burton.  Bas\u00e9 principalement sur la musique Classique, la musique de Carach Angren offre tout de m\u00eame de solides riffs incisifs et noirs avec une puissante rythmique d\u00e9vastatrice.  Ceux d&rsquo;entre vous qui sont d\u00e9j\u00e0 familiers avec le trio ne serez pas d\u00e9\u00e7us ni \u00e9tonn\u00e9s par ce nouvel album.  On reprends exactement \u00e0 la m\u00eame place que sur This is no Fairytale en ajoutant un peu plus de piquant que sur ce dernier.  Pas de r\u00e9elles surprises mais aucune d\u00e9ception.  Carach Angren continue sur sa lanc\u00e9e et c&rsquo;est toujours aussi surprenant!<\/p>\n<p>Une fois de plus une tr\u00e8s belle r\u00e9ussite de la part de Carach Angren.  Ce nouvel album est riche en sonorit\u00e9s et en instrumentation ce qui d\u00e9montre le talent de compositeurs du trio.<\/p>\n<p><iframe loading=\"lazy\" width=\"560\" height=\"315\" src=\"https:\/\/www.youtube.com\/embed\/REfg3XDWxlU\" frameborder=\"0\" allowfullscreen><\/iframe><\/p>\n","protected":false},"excerpt":{"rendered":"<p>Carach Angren \u2013 Symphonic Black Metal \u2013 Pays Bas Dance and Laugh Amongst the Rotten \u2013 2017 Season of Mist 8.5\/10 Avez-vous encore des doutes sur le croisement du M\u00e9tal extr\u00eame et de la musique Classique? On dit que la grande famille du M\u00e9tal, du moins plusieurs sous genres, est tellement similaire au Classique que &hellip; <a href=\"https:\/\/www.hurlemort.com\/blog\/carach-angren-dance-and-laugh-amongst-the-rotten-2017\/\" class=\"more-link\">Continuer la lecture de <span class=\"screen-reader-text\">Carach Angren &#8211; Dance and Laugh Amongst the Rotten &#8211; 2017<\/span><\/a><\/p>\n","protected":false},"author":1,"featured_media":0,"comment_status":"closed","ping_status":"closed","sticky":false,"template":"","format":"standard","meta":{"footnotes":""},"categories":[3],"tags":[545],"class_list":["post-3030","post","type-post","status-publish","format-standard","hentry","category-le-gramophone","tag-carach-angren-nld"],"_links":{"self":[{"href":"https:\/\/www.hurlemort.com\/blog\/wp-json\/wp\/v2\/posts\/3030","targetHints":{"allow":["GET"]}}],"collection":[{"href":"https:\/\/www.hurlemort.com\/blog\/wp-json\/wp\/v2\/posts"}],"about":[{"href":"https:\/\/www.hurlemort.com\/blog\/wp-json\/wp\/v2\/types\/post"}],"author":[{"embeddable":true,"href":"https:\/\/www.hurlemort.com\/blog\/wp-json\/wp\/v2\/users\/1"}],"replies":[{"embeddable":true,"href":"https:\/\/www.hurlemort.com\/blog\/wp-json\/wp\/v2\/comments?post=3030"}],"version-history":[{"count":2,"href":"https:\/\/www.hurlemort.com\/blog\/wp-json\/wp\/v2\/posts\/3030\/revisions"}],"predecessor-version":[{"id":3033,"href":"https:\/\/www.hurlemort.com\/blog\/wp-json\/wp\/v2\/posts\/3030\/revisions\/3033"}],"wp:attachment":[{"href":"https:\/\/www.hurlemort.com\/blog\/wp-json\/wp\/v2\/media?parent=3030"}],"wp:term":[{"taxonomy":"category","embeddable":true,"href":"https:\/\/www.hurlemort.com\/blog\/wp-json\/wp\/v2\/categories?post=3030"},{"taxonomy":"post_tag","embeddable":true,"href":"https:\/\/www.hurlemort.com\/blog\/wp-json\/wp\/v2\/tags?post=3030"}],"curies":[{"name":"wp","href":"https:\/\/api.w.org\/{rel}","templated":true}]}}