{"id":3703,"date":"2019-01-05T11:52:14","date_gmt":"2019-01-05T15:52:14","guid":{"rendered":"http:\/\/www.hurlemort.com\/blog\/?p=3703"},"modified":"2020-03-22T10:18:49","modified_gmt":"2020-03-22T14:18:49","slug":"changements-dans-la-liste-des-criteres-pour-2019","status":"publish","type":"post","link":"https:\/\/www.hurlemort.com\/blog\/changements-dans-la-liste-des-criteres-pour-2019\/","title":{"rendered":"Changements dans la liste des crit\u00e8res pour 2019"},"content":{"rendered":"\r\n<p>Bonne ann\u00e9e 2019 \u00e0 tous!  <\/p>\r\n\r\n\r\n\r\n<p>De l\u00e9gers changements seront apport\u00e9s cette ann\u00e9e au niveau des crit\u00e8res et des notes donn\u00e9es aux albums.  La partie \u00ab\u00a0Originalit\u00e9\u00a0\u00bb sera maintenant imbriqu\u00e9e dans la section \u00ab\u00a0Composition\u00a0\u00bb.  Une nouvelle section voit aussi le jour afin de permettre de r\u00e9partir un peu mieux les notes pour ainsi atteindre un r\u00e9sultat final plus pr\u00e8s de la v\u00e9rit\u00e9.  Donc, la section \u00ab\u00a0Appr\u00e9ciation personnelle\u00a0\u00bb viendra \u00e9galiser de fa\u00e7on plus juste le total des notes qui seront toujours sur une \u00e9chelle de 10.  Les notes seront toujours attribu\u00e9es \u00e0 la musique uniquement.  L&rsquo;aspect paroles et graphique ne seront pas pris en compte comme par le pass\u00e9.  En nous souhaitant une ann\u00e9e de grand cr\u00fbs!<\/p>\r\n","protected":false},"excerpt":{"rendered":"<p>Bonne ann\u00e9e 2019 \u00e0 tous! De l\u00e9gers changements seront apport\u00e9s cette ann\u00e9e au niveau des crit\u00e8res et des notes donn\u00e9es aux albums. La partie \u00ab\u00a0Originalit\u00e9\u00a0\u00bb sera maintenant imbriqu\u00e9e dans la section \u00ab\u00a0Composition\u00a0\u00bb. Une nouvelle section voit aussi le jour afin de permettre de r\u00e9partir un peu mieux les notes pour ainsi atteindre un r\u00e9sultat final &hellip; <a href=\"https:\/\/www.hurlemort.com\/blog\/changements-dans-la-liste-des-criteres-pour-2019\/\" class=\"more-link\">Continuer la lecture de <span class=\"screen-reader-text\">Changements dans la liste des crit\u00e8res pour 2019<\/span><\/a><\/p>\n","protected":false},"author":1,"featured_media":0,"comment_status":"closed","ping_status":"closed","sticky":false,"template":"","format":"standard","meta":{"footnotes":""},"categories":[3],"tags":[],"class_list":["post-3703","post","type-post","status-publish","format-standard","hentry","category-le-gramophone"],"_links":{"self":[{"href":"https:\/\/www.hurlemort.com\/blog\/wp-json\/wp\/v2\/posts\/3703","targetHints":{"allow":["GET"]}}],"collection":[{"href":"https:\/\/www.hurlemort.com\/blog\/wp-json\/wp\/v2\/posts"}],"about":[{"href":"https:\/\/www.hurlemort.com\/blog\/wp-json\/wp\/v2\/types\/post"}],"author":[{"embeddable":true,"href":"https:\/\/www.hurlemort.com\/blog\/wp-json\/wp\/v2\/users\/1"}],"replies":[{"embeddable":true,"href":"https:\/\/www.hurlemort.com\/blog\/wp-json\/wp\/v2\/comments?post=3703"}],"version-history":[{"count":2,"href":"https:\/\/www.hurlemort.com\/blog\/wp-json\/wp\/v2\/posts\/3703\/revisions"}],"predecessor-version":[{"id":3705,"href":"https:\/\/www.hurlemort.com\/blog\/wp-json\/wp\/v2\/posts\/3703\/revisions\/3705"}],"wp:attachment":[{"href":"https:\/\/www.hurlemort.com\/blog\/wp-json\/wp\/v2\/media?parent=3703"}],"wp:term":[{"taxonomy":"category","embeddable":true,"href":"https:\/\/www.hurlemort.com\/blog\/wp-json\/wp\/v2\/categories?post=3703"},{"taxonomy":"post_tag","embeddable":true,"href":"https:\/\/www.hurlemort.com\/blog\/wp-json\/wp\/v2\/tags?post=3703"}],"curies":[{"name":"wp","href":"https:\/\/api.w.org\/{rel}","templated":true}]}}