{"id":4010,"date":"2020-07-27T11:07:13","date_gmt":"2020-07-27T15:07:13","guid":{"rendered":"http:\/\/www.hurlemort.com\/blog\/?p=4010"},"modified":"2023-03-06T14:16:28","modified_gmt":"2023-03-06T18:16:28","slug":"carach-angren-ranckensteina-strataemontanus-2020","status":"publish","type":"post","link":"https:\/\/www.hurlemort.com\/blog\/carach-angren-ranckensteina-strataemontanus-2020\/","title":{"rendered":"Carach Angren &#8211; Franckensteina Strataemontanus &#8211; 2020"},"content":{"rendered":"<p><img loading=\"lazy\" decoding=\"async\" src=\"https:\/\/www.hurlemort.com\/blog\/wp-content\/uploads\/2020\/07\/carach-angren-e1595862405950.jpg\" alt=\"\" width=\"250\" height=\"250\" class=\"alignleft size-full wp-image-4011\" \/>Carach Angren \u2013 Symphonic Black Metal &#8211; Pays-Bas<br \/>\nFranckensteina Strataemontanus \u2013 2020<br \/>\nSeason of Mist<br \/>\n9,5\/10<\/p>\n<p>La formation N\u00e9erlandaise Carach Angren nous arrive cette ann\u00e9e avec son sixi\u00e8me album sous le concept de nul autre que Frankenstein. Ce nouvel album accentue le c\u00f4t\u00e9 symphonique d&rsquo;un cran mais est \u00e9galement marqu\u00e9 par des l&rsquo;arriv\u00e9e d&rsquo;\u00e9l\u00e9ments plus Industriels notamment avec des rythmiques plus militaires qu&rsquo;auparavant.<\/p>\n<p>Encore une fois, Carach Angren fait preuve d&rsquo;ing\u00e9niosit\u00e9 musicale en incorporant habilement ses parties symphoniques \u00e0 un Black Metal sombre et m\u00e9lodique. Les niveaux de composition et d&rsquo;interpr\u00e9tation sont toujours de tr\u00e8s haut calibre, ces musiciens sont d\u00e9cid\u00e9ment des g\u00e9nies dans leur genre.  La production et les arrangements sont assez spectaculaires, m\u00eame plus qu&rsquo;\u00e0 ce que le groupe nous a habitu\u00e9s au fil des ses pr\u00e9c\u00e9dents albums.  On sent tr\u00e8s bien l&rsquo;influence Gothique et Victorienne propre \u00e0 l&rsquo;imagerie initialement cr\u00e9\u00e9e par Mary Shelly.  Nous avons m\u00eame droit \u00e0 certains \u00e9l\u00e9ments musicaux se rapprochant du Gothic Rock originel avec des vocaux \u00ab\u00a0cleans\u00a0\u00bb sur certaines pi\u00e8ces ainsi que certaines ambiances apparent\u00e9es \u00e0 The Vision Bleak ici et l\u00e0 au fil des pi\u00e8ces, ce qui n&rsquo;est pas pour me d\u00e9plaire!<\/p>\n<p>En fin de compte, Carach Angren est sans aucun doute un groupe fort sous estim\u00e9 qui gagne \u00e0 \u00eatre connu de par sa qualit\u00e9 musicale et de son ensemble tr\u00e8s th\u00e9\u00e2tral.  Ce nouvel album se retrouvera assez haut dans les tops de 2020 et est d\u00e9j\u00e0 devenu un classique instantan\u00e9 dans la discographie du groupe.  <\/p>\n<p>Composition: 9,5<br \/>\nEx\u00e9cution: 9,5<br \/>\nArrangements\u00a0: 9,5<br \/>\nProduction: 9,5<br \/>\nAppr\u00e9ciation G\u00e9n\u00e9rale\u00a0: 9,5<\/p>\n<p><iframe loading=\"lazy\" width=\"560\" height=\"315\" src=\"https:\/\/www.youtube.com\/embed\/rbadZW_lXJc\" frameborder=\"0\" allow=\"accelerometer; autoplay; encrypted-media; gyroscope; picture-in-picture\" allowfullscreen><\/iframe><\/p>\n","protected":false},"excerpt":{"rendered":"<p>Carach Angren \u2013 Symphonic Black Metal &#8211; Pays-Bas Franckensteina Strataemontanus \u2013 2020 Season of Mist 9,5\/10 La formation N\u00e9erlandaise Carach Angren nous arrive cette ann\u00e9e avec son sixi\u00e8me album sous le concept de nul autre que Frankenstein. Ce nouvel album accentue le c\u00f4t\u00e9 symphonique d&rsquo;un cran mais est \u00e9galement marqu\u00e9 par des l&rsquo;arriv\u00e9e d&rsquo;\u00e9l\u00e9ments plus &hellip; <a href=\"https:\/\/www.hurlemort.com\/blog\/carach-angren-ranckensteina-strataemontanus-2020\/\" class=\"more-link\">Continuer la lecture de <span class=\"screen-reader-text\">Carach Angren &#8211; Franckensteina Strataemontanus &#8211; 2020<\/span><\/a><\/p>\n","protected":false},"author":1,"featured_media":0,"comment_status":"closed","ping_status":"closed","sticky":false,"template":"","format":"standard","meta":{"footnotes":""},"categories":[3],"tags":[545],"class_list":["post-4010","post","type-post","status-publish","format-standard","hentry","category-le-gramophone","tag-carach-angren-nld"],"_links":{"self":[{"href":"https:\/\/www.hurlemort.com\/blog\/wp-json\/wp\/v2\/posts\/4010","targetHints":{"allow":["GET"]}}],"collection":[{"href":"https:\/\/www.hurlemort.com\/blog\/wp-json\/wp\/v2\/posts"}],"about":[{"href":"https:\/\/www.hurlemort.com\/blog\/wp-json\/wp\/v2\/types\/post"}],"author":[{"embeddable":true,"href":"https:\/\/www.hurlemort.com\/blog\/wp-json\/wp\/v2\/users\/1"}],"replies":[{"embeddable":true,"href":"https:\/\/www.hurlemort.com\/blog\/wp-json\/wp\/v2\/comments?post=4010"}],"version-history":[{"count":2,"href":"https:\/\/www.hurlemort.com\/blog\/wp-json\/wp\/v2\/posts\/4010\/revisions"}],"predecessor-version":[{"id":4014,"href":"https:\/\/www.hurlemort.com\/blog\/wp-json\/wp\/v2\/posts\/4010\/revisions\/4014"}],"wp:attachment":[{"href":"https:\/\/www.hurlemort.com\/blog\/wp-json\/wp\/v2\/media?parent=4010"}],"wp:term":[{"taxonomy":"category","embeddable":true,"href":"https:\/\/www.hurlemort.com\/blog\/wp-json\/wp\/v2\/categories?post=4010"},{"taxonomy":"post_tag","embeddable":true,"href":"https:\/\/www.hurlemort.com\/blog\/wp-json\/wp\/v2\/tags?post=4010"}],"curies":[{"name":"wp","href":"https:\/\/api.w.org\/{rel}","templated":true}]}}