{"id":5675,"date":"2021-11-23T07:43:35","date_gmt":"2021-11-23T11:43:35","guid":{"rendered":"http:\/\/www.hurlemort.com\/blog\/?p=5675"},"modified":"2021-11-23T07:43:35","modified_gmt":"2021-11-23T11:43:35","slug":"vader-de-profundis-1995","status":"publish","type":"post","link":"https:\/\/www.hurlemort.com\/blog\/vader-de-profundis-1995\/","title":{"rendered":"Vader \u2013 De Profundis \u2013 1995"},"content":{"rendered":"<p><img loading=\"lazy\" decoding=\"async\" src=\"https:\/\/www.hurlemort.com\/blog\/wp-content\/uploads\/2021\/11\/vader-de-profundis-e1637667775158.jpg\" alt=\"\" width=\"250\" height=\"247\" class=\"alignleft size-full wp-image-5676\" \/>La formation Vader a \u00e9t\u00e9 grandement reconnue pour ne pas garder ses musiciens bien longtemps ce qui nous fait penser que le nom Vader est tout simplement le projet d\u2019une seule et unique personne, Piotr Pawel Wiwczarek.  Qu\u2019\u00e0 cela ne tienne, Vader a \u00e9t\u00e9 l\u2019un des premiers groupes Polonais a franchir les fronti\u00e8res de son pays pour envahir le monde avec son Death Metal vicieux et brutal.  Le deuxi\u00e8me album, De Profundis, se doit de figurer dans la grande Histoire M\u00e9tallique d\u00fb \u00e0 sa grande influence sur le Death Metal Europ\u00e9en et sa capacit\u00e9 \u00e0 fournir des riffs caustiques et une musique suffisamment technique pour \u00e9viter de tomber dans le pi\u00e8ge de la simplicit\u00e9.  C\u2019est \u00e9galement avec cet album que Vader a trouv\u00e9 sa sonorit\u00e9 propre qui le conduira \u00e0 devenir chef de file du M\u00e9tal Polonais mais aussi un des grands acteurs du Death Metal tout court.  Un album puissant \u00e0 l\u2019origine de bien des maux de t\u00eate dans l\u2019industrie du disque \u00ab mainstream \u00bb.<\/p>\n<p><iframe loading=\"lazy\" width=\"560\" height=\"315\" src=\"https:\/\/www.youtube.com\/embed\/H9sJGJC8aKw\" title=\"YouTube video player\" frameborder=\"0\" allow=\"accelerometer; autoplay; clipboard-write; encrypted-media; gyroscope; picture-in-picture\" allowfullscreen><\/iframe><\/p>\n","protected":false},"excerpt":{"rendered":"<p>La formation Vader a \u00e9t\u00e9 grandement reconnue pour ne pas garder ses musiciens bien longtemps ce qui nous fait penser que le nom Vader est tout simplement le projet d\u2019une seule et unique personne, Piotr Pawel Wiwczarek. Qu\u2019\u00e0 cela ne tienne, Vader a \u00e9t\u00e9 l\u2019un des premiers groupes Polonais a franchir les fronti\u00e8res de son &hellip; <a href=\"https:\/\/www.hurlemort.com\/blog\/vader-de-profundis-1995\/\" class=\"more-link\">Continuer la lecture de <span class=\"screen-reader-text\">Vader \u2013 De Profundis \u2013 1995<\/span><\/a><\/p>\n","protected":false},"author":1,"featured_media":0,"comment_status":"closed","ping_status":"closed","sticky":false,"template":"","format":"standard","meta":{"footnotes":""},"categories":[650],"tags":[11],"class_list":["post-5675","post","type-post","status-publish","format-standard","hentry","category-levolution-metallique","tag-vader-pol"],"_links":{"self":[{"href":"https:\/\/www.hurlemort.com\/blog\/wp-json\/wp\/v2\/posts\/5675","targetHints":{"allow":["GET"]}}],"collection":[{"href":"https:\/\/www.hurlemort.com\/blog\/wp-json\/wp\/v2\/posts"}],"about":[{"href":"https:\/\/www.hurlemort.com\/blog\/wp-json\/wp\/v2\/types\/post"}],"author":[{"embeddable":true,"href":"https:\/\/www.hurlemort.com\/blog\/wp-json\/wp\/v2\/users\/1"}],"replies":[{"embeddable":true,"href":"https:\/\/www.hurlemort.com\/blog\/wp-json\/wp\/v2\/comments?post=5675"}],"version-history":[{"count":1,"href":"https:\/\/www.hurlemort.com\/blog\/wp-json\/wp\/v2\/posts\/5675\/revisions"}],"predecessor-version":[{"id":5677,"href":"https:\/\/www.hurlemort.com\/blog\/wp-json\/wp\/v2\/posts\/5675\/revisions\/5677"}],"wp:attachment":[{"href":"https:\/\/www.hurlemort.com\/blog\/wp-json\/wp\/v2\/media?parent=5675"}],"wp:term":[{"taxonomy":"category","embeddable":true,"href":"https:\/\/www.hurlemort.com\/blog\/wp-json\/wp\/v2\/categories?post=5675"},{"taxonomy":"post_tag","embeddable":true,"href":"https:\/\/www.hurlemort.com\/blog\/wp-json\/wp\/v2\/tags?post=5675"}],"curies":[{"name":"wp","href":"https:\/\/api.w.org\/{rel}","templated":true}]}}