{"id":6308,"date":"2022-05-19T06:36:31","date_gmt":"2022-05-19T10:36:31","guid":{"rendered":"http:\/\/www.hurlemort.com\/blog\/?p=6308"},"modified":"2022-05-19T06:36:31","modified_gmt":"2022-05-19T10:36:31","slug":"die-apokalyptischen-reiter-allegro-barbaro-1999","status":"publish","type":"post","link":"https:\/\/www.hurlemort.com\/blog\/die-apokalyptischen-reiter-allegro-barbaro-1999\/","title":{"rendered":"Die Apokalyptischen Reiter \u2013 Allegro Barbaro \u2013 1999"},"content":{"rendered":"<p><img loading=\"lazy\" decoding=\"async\" src=\"https:\/\/www.hurlemort.com\/blog\/wp-content\/uploads\/2022\/05\/die-apokalyptische-reiter-allegro-barbaro-e1652956545593.jpg\" alt=\"\" width=\"250\" height=\"252\" class=\"alignleft size-full wp-image-6309\" \/>Die Apokalyptischen Reiter poursuivait son m\u00e9lange de Folk et de Death Metal sur son deuxi\u00e8me album, Allegro Barbaro.  La folie musicale du groupe \u00e9tait mont\u00e9e d\u2019un cran et la brutalit\u00e9 sonore \u00e9tait encore plus palpable.  Le quatuor mettait les claviers encore plus en avant plan pour accentuer les guitares abrasives et la voix de Fuchs qui passait r\u00e9guli\u00e8rement de tr`s guttural \u00e0 tr\u00e8s \u00ab clean \u00bb.  Il faut dire que le ce chanteur a toute une voix et est en mesure de livrer la marchandise.  La provocation \u00e9tait aussi au rendez-vous avec des titres \u00e9vocateurs et des paroles incisives dignes des grands groupes de Punk de la fin des ann\u00e9es 70.  Un album qui pr\u00e9parera la sonorit\u00e9 l\u00e9gendaire du groupe qui m\u00eame s\u2019il a toujours \u00e9t\u00e9 plut\u00f4t m\u00e9connu, est d\u2019une importance capitale pour l\u2019\u00e9volution M\u00e9tallique et le m\u00e9lange des genres.<\/p>\n<p><iframe loading=\"lazy\" width=\"560\" height=\"315\" src=\"https:\/\/www.youtube.com\/embed\/HNp0tFqv3B0\" title=\"YouTube video player\" frameborder=\"0\" allow=\"accelerometer; autoplay; clipboard-write; encrypted-media; gyroscope; picture-in-picture\" allowfullscreen><\/iframe><\/p>\n","protected":false},"excerpt":{"rendered":"<p>Die Apokalyptischen Reiter poursuivait son m\u00e9lange de Folk et de Death Metal sur son deuxi\u00e8me album, Allegro Barbaro. La folie musicale du groupe \u00e9tait mont\u00e9e d\u2019un cran et la brutalit\u00e9 sonore \u00e9tait encore plus palpable. Le quatuor mettait les claviers encore plus en avant plan pour accentuer les guitares abrasives et la voix de Fuchs &hellip; <a href=\"https:\/\/www.hurlemort.com\/blog\/die-apokalyptischen-reiter-allegro-barbaro-1999\/\" class=\"more-link\">Continuer la lecture de <span class=\"screen-reader-text\">Die Apokalyptischen Reiter \u2013 Allegro Barbaro \u2013 1999<\/span><\/a><\/p>\n","protected":false},"author":1,"featured_media":0,"comment_status":"closed","ping_status":"closed","sticky":false,"template":"","format":"standard","meta":{"footnotes":""},"categories":[650],"tags":[14],"class_list":["post-6308","post","type-post","status-publish","format-standard","hentry","category-levolution-metallique","tag-die-apokalyptischen-reiter-ger"],"_links":{"self":[{"href":"https:\/\/www.hurlemort.com\/blog\/wp-json\/wp\/v2\/posts\/6308","targetHints":{"allow":["GET"]}}],"collection":[{"href":"https:\/\/www.hurlemort.com\/blog\/wp-json\/wp\/v2\/posts"}],"about":[{"href":"https:\/\/www.hurlemort.com\/blog\/wp-json\/wp\/v2\/types\/post"}],"author":[{"embeddable":true,"href":"https:\/\/www.hurlemort.com\/blog\/wp-json\/wp\/v2\/users\/1"}],"replies":[{"embeddable":true,"href":"https:\/\/www.hurlemort.com\/blog\/wp-json\/wp\/v2\/comments?post=6308"}],"version-history":[{"count":1,"href":"https:\/\/www.hurlemort.com\/blog\/wp-json\/wp\/v2\/posts\/6308\/revisions"}],"predecessor-version":[{"id":6310,"href":"https:\/\/www.hurlemort.com\/blog\/wp-json\/wp\/v2\/posts\/6308\/revisions\/6310"}],"wp:attachment":[{"href":"https:\/\/www.hurlemort.com\/blog\/wp-json\/wp\/v2\/media?parent=6308"}],"wp:term":[{"taxonomy":"category","embeddable":true,"href":"https:\/\/www.hurlemort.com\/blog\/wp-json\/wp\/v2\/categories?post=6308"},{"taxonomy":"post_tag","embeddable":true,"href":"https:\/\/www.hurlemort.com\/blog\/wp-json\/wp\/v2\/tags?post=6308"}],"curies":[{"name":"wp","href":"https:\/\/api.w.org\/{rel}","templated":true}]}}