{"id":9303,"date":"2024-07-15T06:52:14","date_gmt":"2024-07-15T10:52:14","guid":{"rendered":"https:\/\/www.hurlemort.com\/blog\/?p=9303"},"modified":"2024-07-15T06:52:14","modified_gmt":"2024-07-15T10:52:14","slug":"legion-of-the-damned-ravenous-plague-2014-2","status":"publish","type":"post","link":"https:\/\/www.hurlemort.com\/blog\/legion-of-the-damned-ravenous-plague-2014-2\/","title":{"rendered":"Legion of the Damned \u2013 Ravenous Plague \u2013 2014"},"content":{"rendered":"<p><img loading=\"lazy\" decoding=\"async\" src=\"https:\/\/www.hurlemort.com\/blog\/wp-content\/uploads\/2024\/07\/legion-of-the-damned-ravenous-plague-e1721040688285.jpg\" alt=\"\" width=\"250\" height=\"250\" class=\"alignleft size-full wp-image-9304\" \/>L\u2019\u00c9volution M\u00e9tallique selon Sinistros #1429<br \/>\nLegion of the Damned \u2013 Ravenous Plague \u2013 2014<br \/>\nPays Bas<\/p>\n<p>Avec Ravenous Plague, cinqui\u00e8me album officiel de sa discographie, Legion of the Damned op\u00e9rait de gros changements tant au sein de son organisation qu\u2019au niveau de son entreprise.  Le principal compositeur Richard Ebisch avait quitt\u00e9 le groupe peu apr\u00e8s la sortie de Descend Into Chaos en 2011 ce qui ne laissait pr\u00e9sager rien de bon pour la suite des choses.  Twan Van Geel avait pris la place et les souliers \u00e9taient gigantesques \u00e0 porter.  Est-ce que Legion of the Damned allait changer de sonorit\u00e9 avec un nouveau compositeur?  Eh bien, pas le moindre du monde!  Van Geel avait su prendre sa place tout en gardant l\u2019essence m\u00eame du groupe avec ses riffs d\u00e9vastateurs offrant ainsi aux fans dix nouvelles compositions incisives qui frappaient tr\u00e8s fort \u00e0 l\u2019image de ce que le groupe avait donn\u00e9 ses d\u00e9buts en tant qu\u2019Occult au d\u00e9but des ann\u00e9es 90.  De plus, avec Ravenous Plague, la troupe de Maurice Swinkels \u00e9tait pass\u00e9e chez Napalm Records augmentant ainsi sa visibilit\u00e9 et son budget pour la production.  Legion of the Damned revenait plus fort que jamais avec un excellent album qui demeure encore \u00e0 ce jour fig\u00e9 dans le temps en prouvant que le groupe N\u00e9erlandais est toujours le pionnier du Death\/Thrash Metal noirci qu\u2019il a toujours \u00e9t\u00e9.  Grimpez le volume et brassez-vous la t\u00eate!<\/p>\n<p><iframe loading=\"lazy\" width=\"560\" height=\"315\" src=\"https:\/\/www.youtube.com\/embed\/BVxwr13hVus?si=8XSY_-OgGGi-uub7\" title=\"YouTube video player\" frameborder=\"0\" allow=\"accelerometer; autoplay; clipboard-write; encrypted-media; gyroscope; picture-in-picture; web-share\" referrerpolicy=\"strict-origin-when-cross-origin\" allowfullscreen><\/iframe><\/p>\n","protected":false},"excerpt":{"rendered":"<p>L\u2019\u00c9volution M\u00e9tallique selon Sinistros #1429 Legion of the Damned \u2013 Ravenous Plague \u2013 2014 Pays Bas Avec Ravenous Plague, cinqui\u00e8me album officiel de sa discographie, Legion of the Damned op\u00e9rait de gros changements tant au sein de son organisation qu\u2019au niveau de son entreprise. Le principal compositeur Richard Ebisch avait quitt\u00e9 le groupe peu apr\u00e8s &hellip; <a href=\"https:\/\/www.hurlemort.com\/blog\/legion-of-the-damned-ravenous-plague-2014-2\/\" class=\"more-link\">Continuer la lecture de <span class=\"screen-reader-text\">Legion of the Damned \u2013 Ravenous Plague \u2013 2014<\/span><\/a><\/p>\n","protected":false},"author":1,"featured_media":0,"comment_status":"closed","ping_status":"closed","sticky":false,"template":"","format":"standard","meta":{"footnotes":""},"categories":[650],"tags":[7],"class_list":["post-9303","post","type-post","status-publish","format-standard","hentry","category-levolution-metallique","tag-legion-of-the-damned-ndl"],"_links":{"self":[{"href":"https:\/\/www.hurlemort.com\/blog\/wp-json\/wp\/v2\/posts\/9303","targetHints":{"allow":["GET"]}}],"collection":[{"href":"https:\/\/www.hurlemort.com\/blog\/wp-json\/wp\/v2\/posts"}],"about":[{"href":"https:\/\/www.hurlemort.com\/blog\/wp-json\/wp\/v2\/types\/post"}],"author":[{"embeddable":true,"href":"https:\/\/www.hurlemort.com\/blog\/wp-json\/wp\/v2\/users\/1"}],"replies":[{"embeddable":true,"href":"https:\/\/www.hurlemort.com\/blog\/wp-json\/wp\/v2\/comments?post=9303"}],"version-history":[{"count":1,"href":"https:\/\/www.hurlemort.com\/blog\/wp-json\/wp\/v2\/posts\/9303\/revisions"}],"predecessor-version":[{"id":9305,"href":"https:\/\/www.hurlemort.com\/blog\/wp-json\/wp\/v2\/posts\/9303\/revisions\/9305"}],"wp:attachment":[{"href":"https:\/\/www.hurlemort.com\/blog\/wp-json\/wp\/v2\/media?parent=9303"}],"wp:term":[{"taxonomy":"category","embeddable":true,"href":"https:\/\/www.hurlemort.com\/blog\/wp-json\/wp\/v2\/categories?post=9303"},{"taxonomy":"post_tag","embeddable":true,"href":"https:\/\/www.hurlemort.com\/blog\/wp-json\/wp\/v2\/tags?post=9303"}],"curies":[{"name":"wp","href":"https:\/\/api.w.org\/{rel}","templated":true}]}}