{"id":9523,"date":"2024-09-20T06:36:55","date_gmt":"2024-09-20T10:36:55","guid":{"rendered":"https:\/\/www.hurlemort.com\/blog\/?p=9523"},"modified":"2024-09-20T06:36:55","modified_gmt":"2024-09-20T10:36:55","slug":"carach-angren-this-is-no-fairytale-2015","status":"publish","type":"post","link":"https:\/\/www.hurlemort.com\/blog\/carach-angren-this-is-no-fairytale-2015\/","title":{"rendered":"Carach Angren \u2013 This Is No Fairytale \u2013 2015"},"content":{"rendered":"<p><img loading=\"lazy\" decoding=\"async\" src=\"https:\/\/www.hurlemort.com\/blog\/wp-content\/uploads\/2024\/09\/carach-angren-this-is-no-fairytale-e1726828571725.jpg\" alt=\"\" width=\"250\" height=\"250\" class=\"alignleft size-full wp-image-9524\" \/>L\u2019\u00c9volution M\u00e9tallique selon Sinistros #1496<br \/>\nCarach Angren \u2013 This Is No Fairytale \u2013 2015<br \/>\nPays-Bas<\/p>\n<p>La formation N\u00e9erlandaise Carach Angren s\u2019\u00e9tait illustr\u00e9e d\u00e8s son premier album gr\u00e2ce \u00e0 un savant m\u00e9lange de musique classique digne d\u2019une trame sonore d\u2019un film de Tim Burton avec un Black Metal froid et brillamment travaill\u00e9.  Le trio \u00e9tait rapidement pas\u00e9 ma\u00eetre des arrangements et \u00e9tait pass\u00e9 chez Season of Mist apr\u00e8s deux albums.  This Is No Fairytale, quatri\u00e8me album de la discographie, avait curieusement \u00e9t\u00e9 mal re\u00e7u ou plut\u00f4t mal per\u00e7u par certains fans qui jugeaient que le groupe ramollissait. Pourtant, si on \u00e9coute attentivement cet album, on y retrouve la recette initiale initi\u00e9e en 2003 avec des pi\u00e8ces majestueuses et des id\u00e9es incroyables.  Il est vrai que la sonorit\u00e9 de cet album tendait \u00e0 ratisser plus large pour aller chercher un plus vaste auditoire m\u00e9tallique ce qui g\u00e9n\u00e9ralement en rebute plusieurs et donne naissance \u00e0 une multitude de trolls bien-pensants.  Parlez-en \u00e0 Cradle of Filth et Dimmu Borgir!  Carach Angren \u00e9tait devenu suffisamment imposant pour se m\u00e9riter l\u2019opprobre des d\u00e9testeurs se cachant derri\u00e8re leurs claviers. Quoi qu\u2019il en soit, This Is No Fairytale est un excellent album, qu\u2019on se le dise, qui a amplement sa place dans le vaste r\u00e9pertoire m\u00e9tallique pour sa grande qualit\u00e9 musicale et son influence majeure.  \u00c0 \u00e9couter en se laissant bercer par les ambiances glauques dignes des films noirs et disjonct\u00e9s du grand Burton!<\/p>\n<p><iframe loading=\"lazy\" width=\"560\" height=\"315\" src=\"https:\/\/www.youtube.com\/embed\/USIao3W2W1E?si=vr_0WRsgkUEiibcV\" title=\"YouTube video player\" frameborder=\"0\" allow=\"accelerometer; autoplay; clipboard-write; encrypted-media; gyroscope; picture-in-picture; web-share\" referrerpolicy=\"strict-origin-when-cross-origin\" allowfullscreen><\/iframe><\/p>\n","protected":false},"excerpt":{"rendered":"<p>L\u2019\u00c9volution M\u00e9tallique selon Sinistros #1496 Carach Angren \u2013 This Is No Fairytale \u2013 2015 Pays-Bas La formation N\u00e9erlandaise Carach Angren s\u2019\u00e9tait illustr\u00e9e d\u00e8s son premier album gr\u00e2ce \u00e0 un savant m\u00e9lange de musique classique digne d\u2019une trame sonore d\u2019un film de Tim Burton avec un Black Metal froid et brillamment travaill\u00e9. Le trio \u00e9tait rapidement &hellip; <a href=\"https:\/\/www.hurlemort.com\/blog\/carach-angren-this-is-no-fairytale-2015\/\" class=\"more-link\">Continuer la lecture de <span class=\"screen-reader-text\">Carach Angren \u2013 This Is No Fairytale \u2013 2015<\/span><\/a><\/p>\n","protected":false},"author":1,"featured_media":0,"comment_status":"closed","ping_status":"closed","sticky":false,"template":"","format":"standard","meta":{"footnotes":""},"categories":[650],"tags":[545],"class_list":["post-9523","post","type-post","status-publish","format-standard","hentry","category-levolution-metallique","tag-carach-angren-nld"],"_links":{"self":[{"href":"https:\/\/www.hurlemort.com\/blog\/wp-json\/wp\/v2\/posts\/9523","targetHints":{"allow":["GET"]}}],"collection":[{"href":"https:\/\/www.hurlemort.com\/blog\/wp-json\/wp\/v2\/posts"}],"about":[{"href":"https:\/\/www.hurlemort.com\/blog\/wp-json\/wp\/v2\/types\/post"}],"author":[{"embeddable":true,"href":"https:\/\/www.hurlemort.com\/blog\/wp-json\/wp\/v2\/users\/1"}],"replies":[{"embeddable":true,"href":"https:\/\/www.hurlemort.com\/blog\/wp-json\/wp\/v2\/comments?post=9523"}],"version-history":[{"count":1,"href":"https:\/\/www.hurlemort.com\/blog\/wp-json\/wp\/v2\/posts\/9523\/revisions"}],"predecessor-version":[{"id":9525,"href":"https:\/\/www.hurlemort.com\/blog\/wp-json\/wp\/v2\/posts\/9523\/revisions\/9525"}],"wp:attachment":[{"href":"https:\/\/www.hurlemort.com\/blog\/wp-json\/wp\/v2\/media?parent=9523"}],"wp:term":[{"taxonomy":"category","embeddable":true,"href":"https:\/\/www.hurlemort.com\/blog\/wp-json\/wp\/v2\/categories?post=9523"},{"taxonomy":"post_tag","embeddable":true,"href":"https:\/\/www.hurlemort.com\/blog\/wp-json\/wp\/v2\/tags?post=9523"}],"curies":[{"name":"wp","href":"https:\/\/api.w.org\/{rel}","templated":true}]}}